{"id":6020,"date":"2026-08-28T10:19:39","date_gmt":"2026-08-28T08:19:39","guid":{"rendered":"https:\/\/kulturaskanons.lv\/?p=6020"},"modified":"2026-08-28T10:19:39","modified_gmt":"2026-08-28T08:19:39","slug":"xvi-koru-saiets-mengelos-jurjanu-andrejam-170","status":"publish","type":"post","link":"https:\/\/kulturaskanons.lv\/de\/2026\/08\/28\/xvi-koru-saiets-mengelos-jurjanu-andrejam-170\/","title":{"rendered":"(Latvian) XVI koru saiets Me\u0146\u0123e\u013cos. Jurj\u0101nu Andrejam \u2013 170"},"content":{"rendered":"<p class=\"qtranxs-available-languages-message qtranxs-available-languages-message-de\">Leider ist der Eintrag nur auf <a href=\"https:\/\/kulturaskanons.lv\/lv\/wp-json\/wp\/v2\/posts\/6020\" class=\"qtranxs-available-language-link qtranxs-available-language-link-lv\">Latvian<\/a> verf\u00fcgbar. Der Inhalt wird unten in einer verf\u00fcgbaren Sprache angezeigt. Klicken Sie auf den Link, um die aktuelle Sprache zu \u00e4ndern.<\/p><p><figure id=\"attachment_6016\" aria-describedby=\"caption-attachment-6016\" style=\"width: 300px\" class=\"wp-caption alignright\"><a href=\"https:\/\/kulturaskanons.lv\/wp-content\/uploads\/2026\/08\/koru_saiets_mengelos.jpg\"><img loading=\"lazy\" class=\"size-medium wp-image-6016\" src=\"https:\/\/kulturaskanons.lv\/wp-content\/uploads\/2026\/08\/koru_saiets_mengelos-300x172.jpg\" alt=\"\" width=\"300\" height=\"172\" srcset=\"https:\/\/kulturaskanons.lv\/wp-content\/uploads\/2026\/08\/koru_saiets_mengelos-300x172.jpg 300w, https:\/\/kulturaskanons.lv\/wp-content\/uploads\/2026\/08\/koru_saiets_mengelos-1024x587.jpg 1024w, https:\/\/kulturaskanons.lv\/wp-content\/uploads\/2026\/08\/koru_saiets_mengelos-768x440.jpg 768w, https:\/\/kulturaskanons.lv\/wp-content\/uploads\/2026\/08\/koru_saiets_mengelos.jpg 1200w\" sizes=\"(max-width: 300px) 100vw, 300px\" \/><\/a><figcaption id=\"caption-attachment-6016\" class=\"wp-caption-text\">Publicit\u0101tes foto.<\/figcaption><\/figure><\/p>\n<p>2026. gada 12. septembr\u012b vair\u0101k nek\u0101 2000 dzied\u0101t\u0101ji no 70 koriem pulc\u0113sies XVI koru saiet\u0101, kas jau tradicion\u0101li notiek \u0112rg\u013cu pus\u0113, br\u0101\u013cu Jurj\u0101nu dzimtaj\u0101s m\u0101j\u0101s \u201eMe\u0146\u0123e\u013ci\u201d. Saiets velt\u012bts <a href=\"https:\/\/kulturaskanons.lv\/archive\/jurjanu-andrejs\/\">Jurj\u0101nu Andreja<\/a> 170. gadsk\u0101rtai.<\/p>\n<p>Dienas pirmaj\u0101 pus\u0113, plkst. 11.00, pie Jurj\u0101nu vec\u0101ku atdusas vietas Blauma\u0146u kapos \u0112rg\u013cos notiks piemi\u0146as br\u012bdis.<\/p>\n<p>Saieta kulmin\u0101cij\u0101 \u2013 koncert\u0101 \u201eDziesm\u0101s l\u012bgo Latvija\u201d plkst. 17.00 br\u0101\u013cu Jurj\u0101nu memori\u0101laj\u0101 muzej\u0101 \u201eMen\u0123e\u013ci\u201d pulc\u0113sies 70 kori no visas Latvijas, Madonas p\u016bt\u0113ju or\u0137estris, jaunie\u0161u p\u016bt\u0113ju or\u0137estris \u201eAusekl\u012btis\u201d un Antras Gr\u012bnbergas vad\u012btie \u0112rg\u013cu saieta nama tautas deju kolekt\u012bvi. Koncerta m\u0101kslinieciskais vad\u012bt\u0101js ir \u0100rijs \u0160\u0137epasts, re\u017eisore \u2013 In\u0101ra Cakule. Koncertu vad\u012bs M\u0101rti\u0146\u0161 Egliens.<\/p>\n<p>Kopkoris diri\u0123entu J\u0101\u0146a Alma\u0146a-Palmbaha, Haralda B\u0101rzdi\u0146a, Ilzes Briedi\u0146as, Andreja Cep\u012b\u0161a, Oskara Jeskes, J\u0101\u0146a Lapsas, J\u0101\u0146a Rijnieka, Agitas Rim\u0161\u0113vi\u010das, Marikas Slotinas-Brantes, \u0100rija \u0160\u0137epasta, J\u0101\u0146a Tr\u016bpa, Anitas Zar\u0101nes, Ingas Zirnes un Georga Zujeva vad\u012bb\u0101 dzied\u0101s Jurj\u0101nu Andreja zin\u0101m\u0101k\u0101s kora dziesmas un tautas dziesmu apdares. Koncerta programm\u0101 iek\u013cautas ar\u012b latvie\u0161u tautasdziesmas <a href=\"https:\/\/kulturaskanons.lv\/archive\/emilis-melngailis\/\">Emi\u013ca Melngai\u013ca<\/a>, Helmera Pavasara, \u0100rija \u0160\u0137epasta apdar\u0113 un <a href=\"https:\/\/kulturaskanons.lv\/archive\/raimonds-pauls\/\">Raimonda Paula<\/a>, \u0112rika E\u0161envalda, Lauras J\u0113kabsones rad\u012bti ska\u0146darbi.<\/p>\n<p>Koncerta m\u0101kslinieciskais vad\u012bt\u0101js \u0100rijs \u0160\u0137epasts par gaid\u0101mo koru saietu st\u0101sta: \u201eGodin\u0101t Andreju Jurj\u0101nu kop\u0101 n\u0101k tauta. Kad kop\u0101 n\u0101k tauta \u2013 Latvija mostas un dziesm\u0101s iel\u012bgo sevi n\u0101kotnei.\u201d<\/p>\n<p>Latvijas koru dziesmotas tik\u0161an\u0101s \u201eMe\u0146\u0123e\u013cos\u201d, godinot Jurj\u0101nu Andreja piemi\u0146u, notiek kop\u0161 1996. gada. Ieeja koncert\u0101 ir bez maksas.<\/p>\n<p>P\u0113c koncerta pl\u0101nota za\u013cumballe, kur\u0101 muzic\u0113s Madonas novada Praulienas pagasta folkloras kopu \u201ePraulits\u201d.<\/p>\n<p>Koru saiets Me\u0146\u0123e\u013cos ir noz\u012bm\u012bgs Visp\u0101r\u0113jo latvie\u0161u Dziesmu un deju sv\u0113tku starplaika pas\u0101kums, ko r\u012bko Latvijas Nacion\u0101lais kult\u016bras centrs sadarb\u012bb\u0101 ar Madonas novadu un \u0112rg\u013cu apvien\u012bbas p\u0101rvaldi.<\/p>\n<p>&nbsp;<\/p>\n<p><strong>Inform\u0101ciju sagatavoja:<br \/>\n<\/strong>Linda Ertmane<br \/>\nXXVIII Visp\u0101r\u0113jo latvie\u0161u Dziesmu un XVIII Deju sv\u0113tku Sabiedrisko attiec\u012bbu vad\u012bt\u0101ja<br \/>\nLatvijas Nacion\u0101lais kult\u016bras centrs<br \/>\nE-pasts: <a href=\"mailto:linda.ertmane@lnkc.gov.lv\">linda.ertmane@lnkc.gov.lv<\/a><br \/>\nT\u0101lr.: +371 29181396<br \/>\n<a href=\"http:\/\/www.lnkc.gov.lv\">www.lnkc.gov.lv<\/a><\/p>","protected":false},"excerpt":{"rendered":"<p>Leider ist der Eintrag nur auf Latvian verf\u00fcgbar. Der Inhalt wird unten in einer verf\u00fcgbaren Sprache angezeigt. Klicken Sie auf den Link, um die aktuelle Sprache zu \u00e4ndern. 2026. gada 12. septembr\u012b vair\u0101k nek\u0101 2000 dzied\u0101t\u0101ji no 70 koriem pulc\u0113sies XVI koru saiet\u0101, kas jau tradicion\u0101li notiek \u0112rg\u013cu pus\u0113, br\u0101\u013cu Jurj\u0101nu dzimtaj\u0101s m\u0101j\u0101s \u201eMe\u0146\u0123e\u013ci\u201d. Saiets [&hellip;]<\/p>\n","protected":false},"author":4,"featured_media":6017,"comment_status":"closed","ping_status":"open","sticky":false,"template":"","format":"standard","meta":[],"categories":[5],"tags":[],"_links":{"self":[{"href":"https:\/\/kulturaskanons.lv\/de\/wp-json\/wp\/v2\/posts\/6020"}],"collection":[{"href":"https:\/\/kulturaskanons.lv\/de\/wp-json\/wp\/v2\/posts"}],"about":[{"href":"https:\/\/kulturaskanons.lv\/de\/wp-json\/wp\/v2\/types\/post"}],"author":[{"embeddable":true,"href":"https:\/\/kulturaskanons.lv\/de\/wp-json\/wp\/v2\/users\/4"}],"replies":[{"embeddable":true,"href":"https:\/\/kulturaskanons.lv\/de\/wp-json\/wp\/v2\/comments?post=6020"}],"version-history":[{"count":1,"href":"https:\/\/kulturaskanons.lv\/de\/wp-json\/wp\/v2\/posts\/6020\/revisions"}],"predecessor-version":[{"id":6021,"href":"https:\/\/kulturaskanons.lv\/de\/wp-json\/wp\/v2\/posts\/6020\/revisions\/6021"}],"wp:featuredmedia":[{"embeddable":true,"href":"https:\/\/kulturaskanons.lv\/de\/wp-json\/wp\/v2\/media\/6017"}],"wp:attachment":[{"href":"https:\/\/kulturaskanons.lv\/de\/wp-json\/wp\/v2\/media?parent=6020"}],"wp:term":[{"taxonomy":"category","embeddable":true,"href":"https:\/\/kulturaskanons.lv\/de\/wp-json\/wp\/v2\/categories?post=6020"},{"taxonomy":"post_tag","embeddable":true,"href":"https:\/\/kulturaskanons.lv\/de\/wp-json\/wp\/v2\/tags?post=6020"}],"curies":[{"name":"wp","href":"https:\/\/api.w.org\/{rel}","templated":true}]}}