{"id":5998,"date":"2026-04-16T09:55:45","date_gmt":"2026-04-16T07:55:45","guid":{"rendered":"https:\/\/kulturaskanons.lv\/?p=5998"},"modified":"2026-04-16T09:55:45","modified_gmt":"2026-04-16T07:55:45","slug":"latvijas-radio-koris-un-sinfonietta-riga-godina-peteri-vasku-astondesmitaja-jubileja","status":"publish","type":"post","link":"https:\/\/kulturaskanons.lv\/de\/2026\/04\/16\/latvijas-radio-koris-un-sinfonietta-riga-godina-peteri-vasku-astondesmitaja-jubileja\/","title":{"rendered":"(Latvian) Latvijas Radio koris un \u201eSinfonietta R\u012bga\u201d godina P\u0113teri Vasku asto\u0146desmitaj\u0101 jubilej\u0101"},"content":{"rendered":"<p class=\"qtranxs-available-languages-message qtranxs-available-languages-message-de\">Leider ist der Eintrag nur auf <a href=\"https:\/\/kulturaskanons.lv\/lv\/wp-json\/wp\/v2\/posts\/5998\" class=\"qtranxs-available-language-link qtranxs-available-language-link-lv\">Latvian<\/a> verf\u00fcgbar. Der Inhalt wird unten in einer verf\u00fcgbaren Sprache angezeigt. Klicken Sie auf den Link, um die aktuelle Sprache zu \u00e4ndern.<\/p><p>&nbsp;<\/p>\n<figure id=\"attachment_5987\" aria-describedby=\"caption-attachment-5987\" style=\"width: 300px\" class=\"wp-caption alignright\"><a href=\"https:\/\/kulturaskanons.lv\/wp-content\/uploads\/2026\/03\/Peteris_Vasks_Latvijas_Radio_koris_publ.jpg\"><img loading=\"lazy\" class=\"size-medium wp-image-5987\" src=\"https:\/\/kulturaskanons.lv\/wp-content\/uploads\/2026\/03\/Peteris_Vasks_Latvijas_Radio_koris_publ-300x187.jpg\" alt=\"\" width=\"300\" height=\"187\" srcset=\"https:\/\/kulturaskanons.lv\/wp-content\/uploads\/2026\/03\/Peteris_Vasks_Latvijas_Radio_koris_publ-300x187.jpg 300w, https:\/\/kulturaskanons.lv\/wp-content\/uploads\/2026\/03\/Peteris_Vasks_Latvijas_Radio_koris_publ-768x479.jpg 768w, https:\/\/kulturaskanons.lv\/wp-content\/uploads\/2026\/03\/Peteris_Vasks_Latvijas_Radio_koris_publ.jpg 885w\" sizes=\"(max-width: 300px) 100vw, 300px\" \/><\/a><figcaption id=\"caption-attachment-5987\" class=\"wp-caption-text\">P\u0113teris Vasks. Publicit\u0101tes foto.<\/figcaption><\/figure>\n<p><a href=\"https:\/\/kulturaskanons.lv\/archive\/peteris-vasks\/\">P\u0113tera Vaska<\/a> m\u016bzika tiek pla\u0161i atska\u0146ota un nov\u0113rt\u0113ta, padarot vi\u0146u par vienu no \u0161obr\u012bd m\u012bl\u0113t\u0101kajiem un visvair\u0101k atska\u0146otajiem m\u016bsdienu akad\u0113misk\u0101s m\u016bzikas komponistiem pasaul\u0113. Divos P\u0113tera Vaska jubilejas koncertos 2026. gada 16. un 23. apr\u012bl\u012b Latvijas Radio korim Sigvarda K\u013cavas vad\u012bb\u0101 pievienosies \u201eSinfonietta R\u012bga\u201d, lai svin\u012bgi godin\u0101tu komponistu, atska\u0146ojot vi\u0146a skaist\u0101kos darbus korim un or\u0137estrim.<\/p>\n<p>P\u0113tera Vaska m\u016bzik\u0101 vienm\u0113r kl\u0101teso\u0161\u0101 gar\u012bg\u0101 vertik\u0101le, kas ved klaus\u012bt\u0101ju cauri main\u012bg\u0101s pasaules da\u017ek\u0101rt baisajai realit\u0101tei k\u0101 padomju gados, t\u0101 \u0161odien, z\u012bm\u0113 latvisk\u0101s dv\u0113seles ainavas klaus\u012bt\u0101ju sird\u012bs. Gaismas m\u016b\u017e\u012bg\u0101 c\u012b\u0146a ar tumsu \u2013 \u0161\u012b ir caurviju t\u0113ma visai komponista dai\u013cradei, run\u0101jot par noz\u012bm\u012bgo katra cilv\u0113ka dv\u0113selei un veidojot neaizmirstamu piedz\u012bvojumu klaus\u012bt\u0101jiem. \u012apa\u0161as draudz\u012bbas saites komponistu saista ar Latvijas Radio kori un diri\u0123entu Sigvardu K\u013cavu, cildinot tos k\u0101 lab\u0101kos savu kompoz\u012bciju izpild\u012bt\u0101jus.<\/p>\n<p>16. apr\u012bl\u012b, komponista dzim\u0161anas dien\u0101, ska\u0146radi sveiks vi\u0146a dzimtaj\u0101 pils\u0113t\u0101 Aizput\u0113 \u2013 \u0161o koncertu b\u016bs iesp\u0113jams v\u0113rot tie\u0161raid\u0113 LTV1 vis\u0101 Latvij\u0101, k\u0101 ar\u012b klaus\u012bties radio tie\u0161raid\u0113. Koncerta ierakstu veiks ar\u012b starptautiskais m\u016bzikas un kult\u016bras TV kan\u0101ls \u201eArte\u201d, ar kura starpniec\u012bbu P\u0113tera Vaska m\u016bzika un Latvijas m\u016bzi\u0137u sniegums sasniegs klaus\u012bt\u0101jus vis\u0101 pasaul\u0113.<\/p>\n<p>Savuk\u0101rt, 23. apr\u012bl\u012b notiks svin\u012bgs koncerts R\u012bgas Dom\u0101, kur\u0101 \u0161\u012b pati programma tiks atska\u0146ota pla\u0161\u0101kai auditorijai kl\u0101tien\u0113. Koncertu ar savu kl\u0101tb\u016btni pagodin\u0101s ar\u012b pats komponists.<\/p>\n<p>Skan\u0113s iem\u012b\u013cotas P\u0113tera Vaska kompoz\u012bcijas, kur\u0101s spilgti atkl\u0101jas komponista gar\u012bg\u0101 pasaule, dzi\u013c\u0101 cilv\u0113c\u012bba un cie\u0161\u0101 saikne ar dzimteni. \u201eSav\u0101 taut\u0101\u201d atkl\u0101s koncertu k\u0101 sp\u0113c\u012bgs pieder\u012bbas apliecin\u0101jums atkl\u0101jot vi\u0146a m\u012blest\u012bbu pret savu zemi un tautu. Programm\u0101 iek\u013cauto darbu skait\u0101 ar\u012b daudz atska\u0146otais \u201e<em>The Fruit of Silence<\/em>\u201d \u2013 apcer\u012bga muzik\u0101la medit\u0101cija, balst\u012bta M\u0101tes Ter\u0113zes tekstos. K\u0101 gai\u0161s ska\u0146u templis pacelsies klaus\u012bt\u0101ju m\u012bl\u0113tais opuss \u201e<em>Musica Serena<\/em>\u201d, \u201e<em>Actus caritatis<\/em>\u201d un citi P\u0113tera Vaska darbi. Koncerta izska\u0146\u0101 \u201e<em>Mein Herr und mein Gott<\/em>\u201d piepild\u012bs bazn\u012bcas velves k\u0101 dzi\u013ci personiska un gar\u012bga tic\u012bbas apliec\u012bba.<\/p>\n<p>Vair\u0101k par koncertiem lasi <a href=\"http:\/\/www.radiokoris.lv\">www.radiokoris.lv<\/a>, seko kora jaunumiem soci\u0101lajos t\u012bklos \u2013 <em>Instagram<\/em> un <em>Facebook<\/em>: @LatvianRadioChoir<\/p>\n<p>&nbsp;<\/p>\n<p><strong>Inform\u0101ciju sagatavoja:<\/strong><br \/>\nMaija Kloti\u0146a<br \/>\nSabiedrisko attiec\u012bbu speci\u0101liste<br \/>\nT\u0101lrunis: +371 26602268<br \/>\nE-pasts: <a href=\"mailto:maija.klotina@radiokoris.lv\">maija.klotina@radiokoris.lv<\/a><\/p>","protected":false},"excerpt":{"rendered":"<p>Leider ist der Eintrag nur auf Latvian verf\u00fcgbar. Der Inhalt wird unten in einer verf\u00fcgbaren Sprache angezeigt. Klicken Sie auf den Link, um die aktuelle Sprache zu \u00e4ndern.&nbsp; P\u0113tera Vaska m\u016bzika tiek pla\u0161i atska\u0146ota un nov\u0113rt\u0113ta, padarot vi\u0146u par vienu no \u0161obr\u012bd m\u012bl\u0113t\u0101kajiem un visvair\u0101k atska\u0146otajiem m\u016bsdienu akad\u0113misk\u0101s m\u016bzikas komponistiem pasaul\u0113. Divos P\u0113tera Vaska jubilejas [&hellip;]<\/p>\n","protected":false},"author":4,"featured_media":5988,"comment_status":"closed","ping_status":"open","sticky":false,"template":"","format":"standard","meta":[],"categories":[5],"tags":[],"_links":{"self":[{"href":"https:\/\/kulturaskanons.lv\/de\/wp-json\/wp\/v2\/posts\/5998"}],"collection":[{"href":"https:\/\/kulturaskanons.lv\/de\/wp-json\/wp\/v2\/posts"}],"about":[{"href":"https:\/\/kulturaskanons.lv\/de\/wp-json\/wp\/v2\/types\/post"}],"author":[{"embeddable":true,"href":"https:\/\/kulturaskanons.lv\/de\/wp-json\/wp\/v2\/users\/4"}],"replies":[{"embeddable":true,"href":"https:\/\/kulturaskanons.lv\/de\/wp-json\/wp\/v2\/comments?post=5998"}],"version-history":[{"count":1,"href":"https:\/\/kulturaskanons.lv\/de\/wp-json\/wp\/v2\/posts\/5998\/revisions"}],"predecessor-version":[{"id":5999,"href":"https:\/\/kulturaskanons.lv\/de\/wp-json\/wp\/v2\/posts\/5998\/revisions\/5999"}],"wp:featuredmedia":[{"embeddable":true,"href":"https:\/\/kulturaskanons.lv\/de\/wp-json\/wp\/v2\/media\/5988"}],"wp:attachment":[{"href":"https:\/\/kulturaskanons.lv\/de\/wp-json\/wp\/v2\/media?parent=5998"}],"wp:term":[{"taxonomy":"category","embeddable":true,"href":"https:\/\/kulturaskanons.lv\/de\/wp-json\/wp\/v2\/categories?post=5998"},{"taxonomy":"post_tag","embeddable":true,"href":"https:\/\/kulturaskanons.lv\/de\/wp-json\/wp\/v2\/tags?post=5998"}],"curies":[{"name":"wp","href":"https:\/\/api.w.org\/{rel}","templated":true}]}}